{"id":1171,"date":"2013-10-13T13:55:26","date_gmt":"2013-10-13T13:55:26","guid":{"rendered":"http:\/\/referenciaveterinaria.pt\/?p=1171"},"modified":"2019-01-10T18:06:00","modified_gmt":"2019-01-10T18:06:00","slug":"xxxvii-jornadas-medico-veterinarias-da-aefmv-15-16-e-17-de-novembro-de-2013","status":"publish","type":"post","link":"https:\/\/www.referenciaveterinaria.pt\/?p=1171","title":{"rendered":"XXXVII Jornadas M\u00e9dico-Veterin\u00e1rias da AEFMV"},"content":{"rendered":"<p>O Dr. Jo\u00e3o Ribeiro participar\u00e1, enquanto orador convidado, nas XXXVII Jornadas M\u00e9dico-Veterin\u00e1rias da Associa\u00e7\u00e3o de Estudantes da Faculdade de Medicina Veterin\u00e1ria de Lisboa, que decorrer\u00e3o nos dias 15, 16 e 17 de Novembro de 2013 na FMV-UL.A sua interven\u00e7\u00e3o ter\u00e1 lugar no dia 16 de Novembro, pelas 9h00, sob o tema &#8220;Neurologia e Incontin\u00eancia Urin\u00e1ria&#8221;.Cartaz do Evento:<img decoding=\"async\" src=\"http:\/\/1.bp.blogspot.com\/-xGyBIRFuj-U\/Uk3ka3T9jmI\/AAAAAAAABr4\/r8Kr2WGvf-0\/s1600\/cartaz+geral+jornadas.jpg\" width=\"700\" \/><a href=\"http:\/\/jornadasmedicoveterinarias.blogspot.pt\/2009\/09\/programa.html\" target=\"_blank\">Programa cient\u00edfico e site oficial do evento<\/a><\/p>\n","protected":false},"excerpt":{"rendered":"<p>O Dr. Jo\u00e3o Ribeiro participar\u00e1, enquanto orador convidado, nas XXXVII Jornadas M\u00e9dico-Veterin\u00e1rias da Associa\u00e7\u00e3o de Estudantes da Faculdade de Medicina Veterin\u00e1ria de Lisboa, que decorrer\u00e3o nos dias 15, 16 e 17 de Novembro de 2013 na FMV-UL.A sua interven\u00e7\u00e3o ter\u00e1 lugar no dia 16 de Novembro, pelas 9h00, sob o [&hellip;]<\/p>\n","protected":false},"author":3,"featured_media":0,"comment_status":"open","ping_status":"open","sticky":false,"template":"","format":"standard","meta":{"footnotes":""},"categories":[99],"tags":[],"class_list":["post-1171","post","type-post","status-publish","format-standard","hentry","category-eventos"],"yoast_head":"<!-- This site is optimized with the Yoast SEO plugin v27.4 - https:\/\/yoast.com\/product\/yoast-seo-wordpress\/ -->\n<title>XXXVII Jornadas M\u00e9dico-Veterin\u00e1rias da AEFMV - Refer\u00eancia Veterin\u00e1ria<\/title>\n<meta name=\"description\" content=\"Uma parceria especializada de refer\u00eancia entre m\u00e9dicos veterin\u00e1rios para a melhoria do n\u00edvel de servi\u00e7o aos seus clientes! veterin\u00e1ria neurologia neurocirurgia oftalmologia ortopedia catarata conjuntivite oncologia resson\u00e2ncia magn\u00e9tica tomografia computorizada computadorizada radiologia digital cristina ribeiro jo\u00e3o ribeiro seruca ana rita serras pedro parreira pedro fachada enfermagem veterin\u00e1ria\" \/>\n<meta name=\"robots\" content=\"index, follow, max-snippet:-1, max-image-preview:large, max-video-preview:-1\" \/>\n<link rel=\"canonical\" href=\"https:\/\/www.referenciaveterinaria.pt\/?p=1171\" \/>\n<meta property=\"og:locale\" content=\"pt_PT\" \/>\n<meta property=\"og:type\" content=\"article\" \/>\n<meta property=\"og:title\" content=\"XXXVII Jornadas M\u00e9dico-Veterin\u00e1rias da AEFMV - Refer\u00eancia Veterin\u00e1ria\" \/>\n<meta property=\"og:description\" content=\"Uma parceria especializada de refer\u00eancia entre m\u00e9dicos veterin\u00e1rios para a melhoria do n\u00edvel de servi\u00e7o aos seus clientes! veterin\u00e1ria neurologia neurocirurgia oftalmologia ortopedia catarata conjuntivite oncologia resson\u00e2ncia magn\u00e9tica tomografia computorizada computadorizada radiologia digital cristina ribeiro jo\u00e3o ribeiro seruca ana rita serras pedro parreira pedro fachada enfermagem veterin\u00e1ria\" \/>\n<meta property=\"og:url\" content=\"https:\/\/www.referenciaveterinaria.pt\/?p=1171\" \/>\n<meta property=\"og:site_name\" content=\"Refer\u00eancia Veterin\u00e1ria\" \/>\n<meta property=\"article:publisher\" content=\"https:\/\/www.facebook.com\/www.referenciaveterinaria.pt\" \/>\n<meta property=\"article:published_time\" content=\"2013-10-13T13:55:26+00:00\" \/>\n<meta property=\"article:modified_time\" content=\"2019-01-10T18:06:00+00:00\" \/>\n<meta property=\"og:image\" content=\"http:\/\/1.bp.blogspot.com\/-xGyBIRFuj-U\/Uk3ka3T9jmI\/AAAAAAAABr4\/r8Kr2WGvf-0\/s1600\/cartaz+geral+jornadas.jpg\" \/>\n<meta name=\"author\" content=\"Refer\u00eancia Veterin\u00e1ria\" \/>\n<meta name=\"twitter:card\" content=\"summary_large_image\" \/>\n<meta name=\"twitter:label1\" content=\"Escrito por\" \/>\n\t<meta name=\"twitter:data1\" content=\"Refer\u00eancia Veterin\u00e1ria\" \/>\n<script type=\"application\/ld+json\" class=\"yoast-schema-graph\">{\"@context\":\"https:\\\/\\\/schema.org\",\"@graph\":[{\"@type\":\"Article\",\"@id\":\"https:\\\/\\\/www.referenciaveterinaria.pt\\\/?p=1171#article\",\"isPartOf\":{\"@id\":\"https:\\\/\\\/www.referenciaveterinaria.pt\\\/?p=1171\"},\"author\":{\"name\":\"Refer\u00eancia Veterin\u00e1ria\",\"@id\":\"https:\\\/\\\/www.referenciaveterinaria.pt\\\/#\\\/schema\\\/person\\\/21b71c2a681b7d22bb463e7081222ab5\"},\"headline\":\"XXXVII Jornadas M\u00e9dico-Veterin\u00e1rias da AEFMV\",\"datePublished\":\"2013-10-13T13:55:26+00:00\",\"dateModified\":\"2019-01-10T18:06:00+00:00\",\"mainEntityOfPage\":{\"@id\":\"https:\\\/\\\/www.referenciaveterinaria.pt\\\/?p=1171\"},\"wordCount\":78,\"commentCount\":0,\"publisher\":{\"@id\":\"https:\\\/\\\/www.referenciaveterinaria.pt\\\/#organization\"},\"image\":{\"@id\":\"https:\\\/\\\/www.referenciaveterinaria.pt\\\/?p=1171#primaryimage\"},\"thumbnailUrl\":\"http:\\\/\\\/1.bp.blogspot.com\\\/-xGyBIRFuj-U\\\/Uk3ka3T9jmI\\\/AAAAAAAABr4\\\/r8Kr2WGvf-0\\\/s1600\\\/cartaz+geral+jornadas.jpg\",\"articleSection\":[\"Eventos\"],\"inLanguage\":\"pt-PT\",\"potentialAction\":[{\"@type\":\"CommentAction\",\"name\":\"Comment\",\"target\":[\"https:\\\/\\\/www.referenciaveterinaria.pt\\\/?p=1171#respond\"]}]},{\"@type\":\"WebPage\",\"@id\":\"https:\\\/\\\/www.referenciaveterinaria.pt\\\/?p=1171\",\"url\":\"https:\\\/\\\/www.referenciaveterinaria.pt\\\/?p=1171\",\"name\":\"XXXVII Jornadas M\u00e9dico-Veterin\u00e1rias da AEFMV - Refer\u00eancia Veterin\u00e1ria\",\"isPartOf\":{\"@id\":\"https:\\\/\\\/www.referenciaveterinaria.pt\\\/#website\"},\"primaryImageOfPage\":{\"@id\":\"https:\\\/\\\/www.referenciaveterinaria.pt\\\/?p=1171#primaryimage\"},\"image\":{\"@id\":\"https:\\\/\\\/www.referenciaveterinaria.pt\\\/?p=1171#primaryimage\"},\"thumbnailUrl\":\"http:\\\/\\\/1.bp.blogspot.com\\\/-xGyBIRFuj-U\\\/Uk3ka3T9jmI\\\/AAAAAAAABr4\\\/r8Kr2WGvf-0\\\/s1600\\\/cartaz+geral+jornadas.jpg\",\"datePublished\":\"2013-10-13T13:55:26+00:00\",\"dateModified\":\"2019-01-10T18:06:00+00:00\",\"description\":\"Uma parceria especializada de refer\u00eancia entre m\u00e9dicos veterin\u00e1rios para a melhoria do n\u00edvel de servi\u00e7o aos seus clientes! veterin\u00e1ria neurologia neurocirurgia oftalmologia ortopedia catarata conjuntivite oncologia resson\u00e2ncia magn\u00e9tica tomografia computorizada computadorizada radiologia digital cristina ribeiro jo\u00e3o ribeiro seruca ana rita serras pedro parreira pedro fachada enfermagem veterin\u00e1ria\",\"breadcrumb\":{\"@id\":\"https:\\\/\\\/www.referenciaveterinaria.pt\\\/?p=1171#breadcrumb\"},\"inLanguage\":\"pt-PT\",\"potentialAction\":[{\"@type\":\"ReadAction\",\"target\":[\"https:\\\/\\\/www.referenciaveterinaria.pt\\\/?p=1171\"]}]},{\"@type\":\"ImageObject\",\"inLanguage\":\"pt-PT\",\"@id\":\"https:\\\/\\\/www.referenciaveterinaria.pt\\\/?p=1171#primaryimage\",\"url\":\"http:\\\/\\\/1.bp.blogspot.com\\\/-xGyBIRFuj-U\\\/Uk3ka3T9jmI\\\/AAAAAAAABr4\\\/r8Kr2WGvf-0\\\/s1600\\\/cartaz+geral+jornadas.jpg\",\"contentUrl\":\"http:\\\/\\\/1.bp.blogspot.com\\\/-xGyBIRFuj-U\\\/Uk3ka3T9jmI\\\/AAAAAAAABr4\\\/r8Kr2WGvf-0\\\/s1600\\\/cartaz+geral+jornadas.jpg\"},{\"@type\":\"BreadcrumbList\",\"@id\":\"https:\\\/\\\/www.referenciaveterinaria.pt\\\/?p=1171#breadcrumb\",\"itemListElement\":[{\"@type\":\"ListItem\",\"position\":1,\"name\":\"In\u00edcio\",\"item\":\"https:\\\/\\\/www.referenciaveterinaria.pt\\\/\"},{\"@type\":\"ListItem\",\"position\":2,\"name\":\"XXXVII Jornadas M\u00e9dico-Veterin\u00e1rias da AEFMV\"}]},{\"@type\":\"WebSite\",\"@id\":\"https:\\\/\\\/www.referenciaveterinaria.pt\\\/#website\",\"url\":\"https:\\\/\\\/www.referenciaveterinaria.pt\\\/\",\"name\":\"Refer\u00eancia Veterin\u00e1ria\",\"description\":\"Refer\u00eancia Veterin\u00e1ria\",\"publisher\":{\"@id\":\"https:\\\/\\\/www.referenciaveterinaria.pt\\\/#organization\"},\"potentialAction\":[{\"@type\":\"SearchAction\",\"target\":{\"@type\":\"EntryPoint\",\"urlTemplate\":\"https:\\\/\\\/www.referenciaveterinaria.pt\\\/?s={search_term_string}\"},\"query-input\":{\"@type\":\"PropertyValueSpecification\",\"valueRequired\":true,\"valueName\":\"search_term_string\"}}],\"inLanguage\":\"pt-PT\"},{\"@type\":\"Organization\",\"@id\":\"https:\\\/\\\/www.referenciaveterinaria.pt\\\/#organization\",\"name\":\"Refer\u00eancia Veterin\u00e1ria\",\"url\":\"https:\\\/\\\/www.referenciaveterinaria.pt\\\/\",\"logo\":{\"@type\":\"ImageObject\",\"inLanguage\":\"pt-PT\",\"@id\":\"https:\\\/\\\/www.referenciaveterinaria.pt\\\/#\\\/schema\\\/logo\\\/image\\\/\",\"url\":\"https:\\\/\\\/www.referenciaveterinaria.pt\\\/wp-content\\\/uploads\\\/2019\\\/04\\\/Logotipo_3840x1540_CorPantone119c_897322_RGB137_115_34_hires_transp-1-e1556491362616.png\",\"contentUrl\":\"https:\\\/\\\/www.referenciaveterinaria.pt\\\/wp-content\\\/uploads\\\/2019\\\/04\\\/Logotipo_3840x1540_CorPantone119c_897322_RGB137_115_34_hires_transp-1-e1556491362616.png\",\"width\":249,\"height\":100,\"caption\":\"Refer\u00eancia Veterin\u00e1ria\"},\"image\":{\"@id\":\"https:\\\/\\\/www.referenciaveterinaria.pt\\\/#\\\/schema\\\/logo\\\/image\\\/\"},\"sameAs\":[\"https:\\\/\\\/www.facebook.com\\\/www.referenciaveterinaria.pt\"]},{\"@type\":\"Person\",\"@id\":\"https:\\\/\\\/www.referenciaveterinaria.pt\\\/#\\\/schema\\\/person\\\/21b71c2a681b7d22bb463e7081222ab5\",\"name\":\"Refer\u00eancia Veterin\u00e1ria\",\"image\":{\"@type\":\"ImageObject\",\"inLanguage\":\"pt-PT\",\"@id\":\"https:\\\/\\\/secure.gravatar.com\\\/avatar\\\/d9276832c11d4531a8abb84a7099882342b9ef9f44ba96faab7d55c42ede75a6?s=96&d=mm&r=g\",\"url\":\"https:\\\/\\\/secure.gravatar.com\\\/avatar\\\/d9276832c11d4531a8abb84a7099882342b9ef9f44ba96faab7d55c42ede75a6?s=96&d=mm&r=g\",\"contentUrl\":\"https:\\\/\\\/secure.gravatar.com\\\/avatar\\\/d9276832c11d4531a8abb84a7099882342b9ef9f44ba96faab7d55c42ede75a6?s=96&d=mm&r=g\",\"caption\":\"Refer\u00eancia Veterin\u00e1ria\"},\"sameAs\":[\"https:\\\/\\\/www.referenciaveterinaria.pt\"],\"url\":\"https:\\\/\\\/www.referenciaveterinaria.pt\\\/?author=3\"}]}<\/script>\n<!-- \/ Yoast SEO plugin. -->","yoast_head_json":{"title":"XXXVII Jornadas M\u00e9dico-Veterin\u00e1rias da AEFMV - Refer\u00eancia Veterin\u00e1ria","description":"Uma parceria especializada de refer\u00eancia entre m\u00e9dicos veterin\u00e1rios para a melhoria do n\u00edvel de servi\u00e7o aos seus clientes! veterin\u00e1ria neurologia neurocirurgia oftalmologia ortopedia catarata conjuntivite oncologia resson\u00e2ncia magn\u00e9tica tomografia computorizada computadorizada radiologia digital cristina ribeiro jo\u00e3o ribeiro seruca ana rita serras pedro parreira pedro fachada enfermagem veterin\u00e1ria","robots":{"index":"index","follow":"follow","max-snippet":"max-snippet:-1","max-image-preview":"max-image-preview:large","max-video-preview":"max-video-preview:-1"},"canonical":"https:\/\/www.referenciaveterinaria.pt\/?p=1171","og_locale":"pt_PT","og_type":"article","og_title":"XXXVII Jornadas M\u00e9dico-Veterin\u00e1rias da AEFMV - Refer\u00eancia Veterin\u00e1ria","og_description":"Uma parceria especializada de refer\u00eancia entre m\u00e9dicos veterin\u00e1rios para a melhoria do n\u00edvel de servi\u00e7o aos seus clientes! veterin\u00e1ria neurologia neurocirurgia oftalmologia ortopedia catarata conjuntivite oncologia resson\u00e2ncia magn\u00e9tica tomografia computorizada computadorizada radiologia digital cristina ribeiro jo\u00e3o ribeiro seruca ana rita serras pedro parreira pedro fachada enfermagem veterin\u00e1ria","og_url":"https:\/\/www.referenciaveterinaria.pt\/?p=1171","og_site_name":"Refer\u00eancia Veterin\u00e1ria","article_publisher":"https:\/\/www.facebook.com\/www.referenciaveterinaria.pt","article_published_time":"2013-10-13T13:55:26+00:00","article_modified_time":"2019-01-10T18:06:00+00:00","og_image":[{"url":"http:\/\/1.bp.blogspot.com\/-xGyBIRFuj-U\/Uk3ka3T9jmI\/AAAAAAAABr4\/r8Kr2WGvf-0\/s1600\/cartaz+geral+jornadas.jpg","type":"","width":"","height":""}],"author":"Refer\u00eancia Veterin\u00e1ria","twitter_card":"summary_large_image","twitter_misc":{"Escrito por":"Refer\u00eancia Veterin\u00e1ria"},"schema":{"@context":"https:\/\/schema.org","@graph":[{"@type":"Article","@id":"https:\/\/www.referenciaveterinaria.pt\/?p=1171#article","isPartOf":{"@id":"https:\/\/www.referenciaveterinaria.pt\/?p=1171"},"author":{"name":"Refer\u00eancia Veterin\u00e1ria","@id":"https:\/\/www.referenciaveterinaria.pt\/#\/schema\/person\/21b71c2a681b7d22bb463e7081222ab5"},"headline":"XXXVII Jornadas M\u00e9dico-Veterin\u00e1rias da AEFMV","datePublished":"2013-10-13T13:55:26+00:00","dateModified":"2019-01-10T18:06:00+00:00","mainEntityOfPage":{"@id":"https:\/\/www.referenciaveterinaria.pt\/?p=1171"},"wordCount":78,"commentCount":0,"publisher":{"@id":"https:\/\/www.referenciaveterinaria.pt\/#organization"},"image":{"@id":"https:\/\/www.referenciaveterinaria.pt\/?p=1171#primaryimage"},"thumbnailUrl":"http:\/\/1.bp.blogspot.com\/-xGyBIRFuj-U\/Uk3ka3T9jmI\/AAAAAAAABr4\/r8Kr2WGvf-0\/s1600\/cartaz+geral+jornadas.jpg","articleSection":["Eventos"],"inLanguage":"pt-PT","potentialAction":[{"@type":"CommentAction","name":"Comment","target":["https:\/\/www.referenciaveterinaria.pt\/?p=1171#respond"]}]},{"@type":"WebPage","@id":"https:\/\/www.referenciaveterinaria.pt\/?p=1171","url":"https:\/\/www.referenciaveterinaria.pt\/?p=1171","name":"XXXVII Jornadas M\u00e9dico-Veterin\u00e1rias da AEFMV - Refer\u00eancia Veterin\u00e1ria","isPartOf":{"@id":"https:\/\/www.referenciaveterinaria.pt\/#website"},"primaryImageOfPage":{"@id":"https:\/\/www.referenciaveterinaria.pt\/?p=1171#primaryimage"},"image":{"@id":"https:\/\/www.referenciaveterinaria.pt\/?p=1171#primaryimage"},"thumbnailUrl":"http:\/\/1.bp.blogspot.com\/-xGyBIRFuj-U\/Uk3ka3T9jmI\/AAAAAAAABr4\/r8Kr2WGvf-0\/s1600\/cartaz+geral+jornadas.jpg","datePublished":"2013-10-13T13:55:26+00:00","dateModified":"2019-01-10T18:06:00+00:00","description":"Uma parceria especializada de refer\u00eancia entre m\u00e9dicos veterin\u00e1rios para a melhoria do n\u00edvel de servi\u00e7o aos seus clientes! veterin\u00e1ria neurologia neurocirurgia oftalmologia ortopedia catarata conjuntivite oncologia resson\u00e2ncia magn\u00e9tica tomografia computorizada computadorizada radiologia digital cristina ribeiro jo\u00e3o ribeiro seruca ana rita serras pedro parreira pedro fachada enfermagem veterin\u00e1ria","breadcrumb":{"@id":"https:\/\/www.referenciaveterinaria.pt\/?p=1171#breadcrumb"},"inLanguage":"pt-PT","potentialAction":[{"@type":"ReadAction","target":["https:\/\/www.referenciaveterinaria.pt\/?p=1171"]}]},{"@type":"ImageObject","inLanguage":"pt-PT","@id":"https:\/\/www.referenciaveterinaria.pt\/?p=1171#primaryimage","url":"http:\/\/1.bp.blogspot.com\/-xGyBIRFuj-U\/Uk3ka3T9jmI\/AAAAAAAABr4\/r8Kr2WGvf-0\/s1600\/cartaz+geral+jornadas.jpg","contentUrl":"http:\/\/1.bp.blogspot.com\/-xGyBIRFuj-U\/Uk3ka3T9jmI\/AAAAAAAABr4\/r8Kr2WGvf-0\/s1600\/cartaz+geral+jornadas.jpg"},{"@type":"BreadcrumbList","@id":"https:\/\/www.referenciaveterinaria.pt\/?p=1171#breadcrumb","itemListElement":[{"@type":"ListItem","position":1,"name":"In\u00edcio","item":"https:\/\/www.referenciaveterinaria.pt\/"},{"@type":"ListItem","position":2,"name":"XXXVII Jornadas M\u00e9dico-Veterin\u00e1rias da AEFMV"}]},{"@type":"WebSite","@id":"https:\/\/www.referenciaveterinaria.pt\/#website","url":"https:\/\/www.referenciaveterinaria.pt\/","name":"Refer\u00eancia Veterin\u00e1ria","description":"Refer\u00eancia Veterin\u00e1ria","publisher":{"@id":"https:\/\/www.referenciaveterinaria.pt\/#organization"},"potentialAction":[{"@type":"SearchAction","target":{"@type":"EntryPoint","urlTemplate":"https:\/\/www.referenciaveterinaria.pt\/?s={search_term_string}"},"query-input":{"@type":"PropertyValueSpecification","valueRequired":true,"valueName":"search_term_string"}}],"inLanguage":"pt-PT"},{"@type":"Organization","@id":"https:\/\/www.referenciaveterinaria.pt\/#organization","name":"Refer\u00eancia Veterin\u00e1ria","url":"https:\/\/www.referenciaveterinaria.pt\/","logo":{"@type":"ImageObject","inLanguage":"pt-PT","@id":"https:\/\/www.referenciaveterinaria.pt\/#\/schema\/logo\/image\/","url":"https:\/\/www.referenciaveterinaria.pt\/wp-content\/uploads\/2019\/04\/Logotipo_3840x1540_CorPantone119c_897322_RGB137_115_34_hires_transp-1-e1556491362616.png","contentUrl":"https:\/\/www.referenciaveterinaria.pt\/wp-content\/uploads\/2019\/04\/Logotipo_3840x1540_CorPantone119c_897322_RGB137_115_34_hires_transp-1-e1556491362616.png","width":249,"height":100,"caption":"Refer\u00eancia Veterin\u00e1ria"},"image":{"@id":"https:\/\/www.referenciaveterinaria.pt\/#\/schema\/logo\/image\/"},"sameAs":["https:\/\/www.facebook.com\/www.referenciaveterinaria.pt"]},{"@type":"Person","@id":"https:\/\/www.referenciaveterinaria.pt\/#\/schema\/person\/21b71c2a681b7d22bb463e7081222ab5","name":"Refer\u00eancia Veterin\u00e1ria","image":{"@type":"ImageObject","inLanguage":"pt-PT","@id":"https:\/\/secure.gravatar.com\/avatar\/d9276832c11d4531a8abb84a7099882342b9ef9f44ba96faab7d55c42ede75a6?s=96&d=mm&r=g","url":"https:\/\/secure.gravatar.com\/avatar\/d9276832c11d4531a8abb84a7099882342b9ef9f44ba96faab7d55c42ede75a6?s=96&d=mm&r=g","contentUrl":"https:\/\/secure.gravatar.com\/avatar\/d9276832c11d4531a8abb84a7099882342b9ef9f44ba96faab7d55c42ede75a6?s=96&d=mm&r=g","caption":"Refer\u00eancia Veterin\u00e1ria"},"sameAs":["https:\/\/www.referenciaveterinaria.pt"],"url":"https:\/\/www.referenciaveterinaria.pt\/?author=3"}]}},"_links":{"self":[{"href":"https:\/\/www.referenciaveterinaria.pt\/index.php?rest_route=\/wp\/v2\/posts\/1171","targetHints":{"allow":["GET"]}}],"collection":[{"href":"https:\/\/www.referenciaveterinaria.pt\/index.php?rest_route=\/wp\/v2\/posts"}],"about":[{"href":"https:\/\/www.referenciaveterinaria.pt\/index.php?rest_route=\/wp\/v2\/types\/post"}],"author":[{"embeddable":true,"href":"https:\/\/www.referenciaveterinaria.pt\/index.php?rest_route=\/wp\/v2\/users\/3"}],"replies":[{"embeddable":true,"href":"https:\/\/www.referenciaveterinaria.pt\/index.php?rest_route=%2Fwp%2Fv2%2Fcomments&post=1171"}],"version-history":[{"count":5,"href":"https:\/\/www.referenciaveterinaria.pt\/index.php?rest_route=\/wp\/v2\/posts\/1171\/revisions"}],"predecessor-version":[{"id":1481,"href":"https:\/\/www.referenciaveterinaria.pt\/index.php?rest_route=\/wp\/v2\/posts\/1171\/revisions\/1481"}],"wp:attachment":[{"href":"https:\/\/www.referenciaveterinaria.pt\/index.php?rest_route=%2Fwp%2Fv2%2Fmedia&parent=1171"}],"wp:term":[{"taxonomy":"category","embeddable":true,"href":"https:\/\/www.referenciaveterinaria.pt\/index.php?rest_route=%2Fwp%2Fv2%2Fcategories&post=1171"},{"taxonomy":"post_tag","embeddable":true,"href":"https:\/\/www.referenciaveterinaria.pt\/index.php?rest_route=%2Fwp%2Fv2%2Ftags&post=1171"}],"curies":[{"name":"wp","href":"https:\/\/api.w.org\/{rel}","templated":true}]}}